{"id":1380,"date":"2025-09-08T11:47:55","date_gmt":"2025-09-08T10:47:55","guid":{"rendered":"https:\/\/amadoraemfesta.pt\/2025\/?p=1380"},"modified":"2025-09-09T16:32:57","modified_gmt":"2025-09-09T15:32:57","slug":"evento-x-festa-do-livro","status":"publish","type":"post","link":"https:\/\/amadoraemfesta.pt\/2025\/evento-x-festa-do-livro\/","title":{"rendered":"Confira a programa\u00e7\u00e3o da X Festa do Livro"},"content":{"rendered":"<p>De 12 a 14 de setembro, na Biblioteca Municipal Fernando Piteira Santos.<\/p>\n<h6>_________________________________________________________________________________________________________________________________________________________________________________________________________________________________________________<\/h6>\n<h6>16h00-21h00 (sex)<br \/>\n10h00-21h00 (s\u00e1b e dom)<br \/>\n<strong>Feira do Livro<\/strong><br \/>\nCom Alfarroba, Orfeu Negro, Rel\u00f3gio D\u2019\u00c1gua, Tinta da China<br \/>\nExterior da Biblioteca<\/h6>\n<h5 style=\"text-align: center;\"><strong>12 de setembro<\/strong><\/h5>\n<h6><strong>17h30\u00a0<\/strong><br \/>\n<strong>Debate Palavras Cruzadas: Identidade e Cultura<\/strong><br \/>\nCom Safaa Dib e Wladimir Vaz<br \/>\nDois percursos e trajet\u00f3rias de vida diferentes unem-se para uma conversa onde refletimos sobre identidade, cultura e transforma\u00e7\u00e3o.<br \/>\nPiso 0<\/h6>\n<h6><strong>18h30\u00a0<\/strong><br \/>\n<strong>Debate A palavra como espa\u00e7o de encontro<\/strong><br \/>\nCom Andr\u00e9 Tecedeiro e Mariana Jones<br \/>\nUma conversa sobre o poder das palavras enquanto ferramentas para abrir caminhos, derrubar barreiras e construir espa\u00e7os de di\u00e1logo inclusivos.<br \/>\nPiso 0<\/h6>\n<h6><strong>19h30<\/strong><br \/>\n<strong>Debate A banda desenhada \u00e9 pol\u00edtica?\u00a0<\/strong><br \/>\nCom Marcos Farrajota e Sara Figueiredo Costa<br \/>\nNem s\u00f3 por palavras se questiona o mundo. Uma conversa onde exploramos como a BD l\u00ea o universo pol\u00edtico, desafia poderes e cria novas narrativas para pensar o presente.<br \/>\nPiso 0<\/h6>\n<h6><strong>20h30<\/strong><br \/>\n<strong>Performance Mulheres Poema: \u201cSomos M\u00e3os Unidas\u201d<\/strong><br \/>\nCom Maria Caetano Vilalobos e Rute Rocha Ferreira<br \/>\nUma celebra\u00e7\u00e3o em verso de mulheres que marcaram pela sua vis\u00e3o do mundo e da vida, combinando poesia autoral e de reconhecidas autoras da literatura portuguesa, com palavra dita e m\u00fasica.<br \/>\nExterior da Biblioteca<\/h6>\n<h5><\/h5>\n<h5 style=\"text-align: center;\"><strong>13 de setembro<\/strong><\/h5>\n<h6><strong>10h00\u00a0<\/strong><br \/>\n<strong>Oficina Escrita Criativa\u00a0<\/strong><br \/>\nCom Possid\u00f3nio Cachapa<br \/>\nUm convite para brincar com palavras, explorar novas formas de contar, experimentar outras vozes e testar os limites da nossa imagina\u00e7\u00e3o.<br \/>\nP\u00fablico: geral. Inscri\u00e7\u00e3o para\u00a0<span style=\"color: #0000ff;\"><a style=\"color: #0000ff;\" href=\"mailto:bibliotecas@cm-amadora.pt\">bibliotecas@cm-amadora.pt<\/a><\/span>\u00a0ou 214369054, pre\u00e7o: 5 eur<br \/>\nAudit\u00f3rio Piso 0<\/h6>\n<h6><strong>10h30\u00a0<\/strong><br \/>\n<strong>Hora do conto\u00a0<\/strong><br \/>\nCom Eva Barros<br \/>\nAtrav\u00e9s da voz e do poder da palavra, damos vida a hist\u00f3rias e convidamos mi\u00fados e fam\u00edlias a mergulhar num mundo cheio de imagina\u00e7\u00e3o e criatividade.<br \/>\nP\u00fablico: fam\u00edlias<br \/>\nPiso -1<\/h6>\n<h6><strong>11h00<\/strong><br \/>\n<strong>Cerim\u00f3nia de entrega do XXVIII Pr\u00e9mio Liter\u00e1rio Orlando Gon\u00e7alves<br \/>\n<\/strong>O Pr\u00e9mio Liter\u00e1rio Orlando Gon\u00e7alves homenageia o antigo jornalista e escritor, figura hist\u00f3rica da Amadora, premiando uma obra de fic\u00e7\u00e3o narrativa.<br \/>\nPiso 0<\/h6>\n<h6><strong>11h45\u00a0\u00a0<\/strong><br \/>\n<strong>Cerim\u00f3nia de entrega do III Pr\u00e9mio Cr\u00f3nica Jornal\u00edstica Rog\u00e9rio Rodrigues<\/strong><br \/>\nO Pr\u00e9mio Cr\u00f3nica Jornal\u00edstica Rog\u00e9rio Rodrigues homenageia a vida e a obra do jornalista e escritor Rog\u00e9rio Rodrigues, premiando bianualmente autores de cr\u00f3nicas jornal\u00edsticas.<br \/>\nPiso 0<\/h6>\n<h6><strong>12h30\u00a0<\/strong><br \/>\n<strong>Debate O Papel das Bibliotecas numa sociedade desafiante<\/strong><br \/>\nCom Ana Alves Pereira e Manuel Malzbender<br \/>\nAs bibliotecas s\u00e3o historicamente centros de conhecimento e de acesso a informa\u00e7\u00e3o. Num mundo cada vez com mais desafios sociais e pol\u00edticos, qual \u00e9 o seu papel?<br \/>\nPiso 0<\/h6>\n<h6><strong>15h00\u00a0<\/strong><br \/>\n<strong>Debate Literatura no feminino em Portugal<\/strong><br \/>\nCom Margarida Vale de Gato e Tatiana Salem Levy<br \/>\nUma conversa sobre como a literatura escrita por mulheres traduz, questiona e amplia a vis\u00e3o dominante do mundo, revelando formas alternativas de pensar identidade, corpo e sociedade.<br \/>\nPiso 0<\/h6>\n<h6><strong>16h00\u00a0<\/strong><br \/>\n<strong>Debate Representa\u00e7\u00e3o e diversidade na banda desenhada<\/strong><br \/>\nCom Ana Margarida Matos e Ricardo Parker<br \/>\nA banda desenhada \u00e9, desde sempre, um lugar de cr\u00edtica e reflex\u00e3o social. Uma conversa onde refletimos sobre o papel desta linguagem na cria\u00e7\u00e3o de narrativas inclusivas.<br \/>\nPiso 0<\/h6>\n<h6><strong>17h00\u00a0<\/strong><br \/>\n<strong>Debate Literatura e jornalismo<\/strong><br \/>\nCom Ana Fran\u00e7a e Paula Cardoso<br \/>\nO jornalista \u00e9 necessariamente um bom escritor? E o inverso? Vamos refletir sobre os cruzamentos entre literatura e jornalismo: do jornalismo liter\u00e1rio \u00e0 literatura que se alimenta de factos.<br \/>\nPiso 0<\/h6>\n<h6><strong>18h30\u00a0<\/strong><br \/>\n<strong>Espet\u00e1culo de dan\u00e7a\u00a0<\/strong><br \/>\nCom Heart Gun<br \/>\nAtivo desde 2018, o grupo Heart Gun traz \u00e0 Festa do Livro da Amadora a energia vibrante do K-Pop numa atua\u00e7\u00e3o que combina dan\u00e7a, m\u00fasica e performance.<br \/>\nExterior da biblioteca<\/h6>\n<h6><strong>19h30<\/strong><br \/>\n<strong>Concerto Chica<\/strong><br \/>\nA m\u00fasica de Chica surge da implos\u00e3o pol\u00edtica e pessoal que caiu no seu lugar mais natural: a can\u00e7\u00e3o. A artista traz-nos um concerto intimista que junta o folk, o anti-folk e o jazz.<br \/>\nExterior da biblioteca<\/h6>\n<h5><\/h5>\n<h5 style=\"text-align: center;\"><strong>14 de s<\/strong><strong>etembro<\/strong><\/h5>\n<h6><strong>10h00\u00a0<\/strong><br \/>\n<strong>Oficina Banda Desenhada<\/strong><br \/>\nCom Nuno Saraiva<br \/>\nUm convite para criar personagens e construir narrativas explorando os c\u00f3digos e linguagens da banda desenhada.<br \/>\nP\u00fablico: juvenil, maiores de 12 anos. Inscri\u00e7\u00e3o para\u00a0<span style=\"color: #0000ff;\"><a style=\"color: #0000ff;\" href=\"mailto:bibliotecas@cm-amadora.pt\">bibliotecas@cm-amadora.pt<\/a><\/span>\u00a0ou 214369054, pre\u00e7o: 3 eur<br \/>\nPiso 2<\/h6>\n<h6><strong>12h00\u00a0<\/strong><br \/>\n<strong>Debate Na era do scroll, h\u00e1 palavras para a sa\u00fade mental?<\/strong><br \/>\nCom Catarina Janeiro e Daniel Sampaio<br \/>\nUma conversa sobre o imediatismo da era digital e o seu impacto na sa\u00fade mental e na forma como comunicamos.<br \/>\nPiso 0<\/h6>\n<h6><strong>14h30<\/strong><br \/>\n<strong>Debate O poder da palavra na igualdade de g\u00e9nero<\/strong><br \/>\nCom C\u00e9lia Correia Loureiro e Maria Francisca Gama<br \/>\nA palavra \u00e9, desde sempre, um meio de den\u00fancia, de amplifica\u00e7\u00e3o de vozes e de atenua\u00e7\u00e3o de desigualdades de g\u00e9nero. Mas, afinal, qual o poder da palavra na transforma\u00e7\u00e3o social?<br \/>\nPiso 0<\/h6>\n<h6><strong>16h00\u00a0<\/strong><br \/>\n<strong>Encontro Letras que desenham<\/strong><br \/>\nCom Pri Ballarin<br \/>\nCom carimbos de letras em diferentes formas e tamanhos, esta oficina convida a criar imagens que ressignificam objetos, espa\u00e7os e a pr\u00f3pria escrita.<br \/>\nP\u00fablico: fam\u00edlias, a partir dos 8 anos.<br \/>\nPiso -1<\/h6>\n<h6><strong>18h30<\/strong><br \/>\n<strong>Debate A plasticidade da palavra: caminhos da poesia portuguesa moderna<\/strong><br \/>\nCom Cl\u00e1udia Lucas Ch\u00e9u e Val\u00e9rio Rom\u00e3o<br \/>\nUma conversa sobre como a poesia portuguesa se tem reinventado e entrela\u00e7ado com outras formas de express\u00e3o art\u00edstica para refletir identidade, criatividade e experi\u00eancia cultural.<br \/>\nPiso 0<\/h6>\n<h6><strong>20h00\u00a0<\/strong><br \/>\n<strong>Jantar Liter\u00e1rio\u00a0<\/strong><br \/>\nCom Storytelling Lisboa<br \/>\nJuntamo-nos \u00e0 volta da mesa para trocar experi\u00eancias, sabores e reflex\u00f5es. O prato principal? Contadores de hist\u00f3rias que nos levar\u00e3o por uma viagem de mem\u00f3rias e emo\u00e7\u00f5es.<\/h6>\n<h6>Ementa:<br \/>\nEntrada:\u00a0Mini salgadinhos, p\u00e3o e azeitonas<br \/>\nSopa:\u00a0Creme de legumes<br \/>\nPrato principal &#8211; escolher uma destas op\u00e7\u00f5es:\u00a0Arroz de pato; Bacalhau gratinado com espinafres e broa; Alho franc\u00eas \u00e0 Br\u00e1s (op\u00e7\u00e3o vegetariana)<br \/>\nSobremesa:\u00a0Cheesecake de frutos vermelhos | Fatia de bolo brigadeiro<br \/>\nBebidas:\u00a0Vinho branco ou tinto, \u00e1gua, caf\u00e9<\/h6>\n<h6>Inscri\u00e7\u00e3o\u00a0<span style=\"color: #0000ff;\"><a style=\"color: #0000ff;\" href=\"https:\/\/gerador.eu\/produto\/jantar-literario-festa-do-livro-amadora-2025\/\" target=\"_blank\" rel=\"noreferrer noopener\">aqui<\/a>\u00a0<\/span>ou por transfer\u00eancia banc\u00e1ria para o IBAN PT50 0035 0041 0000 7917 930 51, enviando o comprovativo de pagamento e a op\u00e7\u00e3o de prato principal para o\u00a0<span style=\"color: #0000ff;\"><a style=\"color: #0000ff;\" href=\"https:\/\/gerador.eu\/produto\/jantar-literario-festa-do-livro-amadora-2025\/geral@gerador.eu\" target=\"_blank\" rel=\"noreferrer noopener\">geral@gerador.eu<\/a><\/span>. Pre\u00e7o: 21,50 eur<br \/>\nPiso 2<\/h6>\n","protected":false},"excerpt":{"rendered":"<p>De 12 a 14 de setembro, na Biblioteca Municipal Fernando Piteira Santos. _________________________________________________________________________________________________________________________________________________________________________________________________________________________________________________ 16h00-21h00 (sex) 10h00-21h00 (s\u00e1b e dom) Feira do Livro Com Alfarroba, Orfeu Negro, Rel\u00f3gio D\u2019\u00c1gua, Tinta da [&hellip;]<\/p>\n","protected":false},"author":3,"featured_media":1417,"comment_status":"open","ping_status":"open","sticky":false,"template":"","format":"standard","meta":{"_acf_changed":false,"_et_pb_use_builder":"","_et_pb_old_content":"","_et_gb_content_width":"","footnotes":""},"categories":[1],"tags":[27],"class_list":["post-1380","post","type-post","status-publish","format-standard","has-post-thumbnail","hentry","category-noticias","tag-festa-do-livro"],"acf":[],"_links":{"self":[{"href":"https:\/\/amadoraemfesta.pt\/2025\/wp-json\/wp\/v2\/posts\/1380","targetHints":{"allow":["GET"]}}],"collection":[{"href":"https:\/\/amadoraemfesta.pt\/2025\/wp-json\/wp\/v2\/posts"}],"about":[{"href":"https:\/\/amadoraemfesta.pt\/2025\/wp-json\/wp\/v2\/types\/post"}],"author":[{"embeddable":true,"href":"https:\/\/amadoraemfesta.pt\/2025\/wp-json\/wp\/v2\/users\/3"}],"replies":[{"embeddable":true,"href":"https:\/\/amadoraemfesta.pt\/2025\/wp-json\/wp\/v2\/comments?post=1380"}],"version-history":[{"count":10,"href":"https:\/\/amadoraemfesta.pt\/2025\/wp-json\/wp\/v2\/posts\/1380\/revisions"}],"predecessor-version":[{"id":1401,"href":"https:\/\/amadoraemfesta.pt\/2025\/wp-json\/wp\/v2\/posts\/1380\/revisions\/1401"}],"wp:featuredmedia":[{"embeddable":true,"href":"https:\/\/amadoraemfesta.pt\/2025\/wp-json\/wp\/v2\/media\/1417"}],"wp:attachment":[{"href":"https:\/\/amadoraemfesta.pt\/2025\/wp-json\/wp\/v2\/media?parent=1380"}],"wp:term":[{"taxonomy":"category","embeddable":true,"href":"https:\/\/amadoraemfesta.pt\/2025\/wp-json\/wp\/v2\/categories?post=1380"},{"taxonomy":"post_tag","embeddable":true,"href":"https:\/\/amadoraemfesta.pt\/2025\/wp-json\/wp\/v2\/tags?post=1380"}],"curies":[{"name":"wp","href":"https:\/\/api.w.org\/{rel}","templated":true}]}}