{"id":1411,"date":"2025-09-08T14:25:19","date_gmt":"2025-09-08T13:25:19","guid":{"rendered":"https:\/\/amadoraemfesta.pt\/2025\/?p=1411"},"modified":"2025-09-08T14:58:22","modified_gmt":"2025-09-08T13:58:22","slug":"e-um-encontro-conheca-a-programacao","status":"publish","type":"post","link":"https:\/\/amadoraemfesta.pt\/2025\/e-um-encontro-conheca-a-programacao\/","title":{"rendered":"\u00c9 UM ENCONTRO &#8211; Conhe\u00e7a o programa"},"content":{"rendered":"<p>Conhe\u00e7a aqui a programa\u00e7\u00e3o da II edi\u00e7\u00e3o do Festival Gastron\u00f3mico \u00c9 UM ENCONTRO.<\/p>\n<p>_____________________________________________________________________________________________________________________________________________________________________________________________________________<\/p>\n<p>&nbsp;<\/p>\n<p><strong>Programa\u00e7\u00e3o:<\/strong><\/p>\n<p>&#x1f4cc;12 setembro<\/p>\n<p>17h30 \u2013 18h30 : #INAUGURA\u00c7\u00c3O<\/p>\n<p>19h00 \u2013 20h00: #TERT\u00daLIA \u00c9 UMA CONVERSA\u2026 sobre Responsabilidade Social<\/p>\n<p>20h00 \u2013 21h00: #SHOWCOOKING Tradi\u00e7\u00e3o com Tia Em\u00edlia Cardoso<\/p>\n<p>20h00 \u2013 20h30: #DAN\u00c7A com EGZIT<\/p>\n<p>21h30 \u2013 22h30: #WORKSHOP de cocktails e prepara\u00e7\u00f5es com Constan\u00e7a Cordeiro<\/p>\n<p>21h00 \u2013 22h00: #M\u00daSICA com Guto Pires<\/p>\n<p>22h00 \u2013 00h00: #M\u00daSICA com Dj Riot<\/p>\n<p>&nbsp;<\/p>\n<p>&#x1f4cc;13 setembro<\/p>\n<p>13h30 \u2013 18h30: #PROGRAMA\u00c7\u00c3O CULTURAL com Clube Metrox (atividades para crian\u00e7as)<\/p>\n<p>15h00 \u2013 16h00: #TERT\u00daLIA \u00c9 UMA CONVERSA\u2026 sobre g\u00e9nero e gastronomia<\/p>\n<p>15h00 \u2013 16h00: #DAN\u00c7A com Barsha<\/p>\n<p>16h30 \u2013 18h00: #ARTE MARCIAL Capoeira<\/p>\n<p>17h00 \u2013 18h00: #TERT\u00daLIA \u00c9 UMA HIST\u00d3RIA\u2026 sobre gastronomia como express\u00e3o cultural<\/p>\n<p>18h00 \u2013 19h00: #SHOWCOOKING Fus\u00e3o com Tia C\u00e1tia x Ruth Falc\u00e3o<\/p>\n<p>19h00 \u2013 20h00: #M\u00daSICA com Batucadeiras S\u00e3o Miguel de Arcanjo<\/p>\n<p>19h30 \u2013 20h30: #SHOWCOOKING Fus\u00e3o com Chef Justa Nobre x F\u00e1tima Vera Cruz<\/p>\n<p>&nbsp;<\/p>\n<p>&#x1f4cc;14 setembro<\/p>\n<p>14h00 \u2013 15h00: #SHOWCOOKING Chefs com Chef Rui Ribeiro<\/p>\n<p>16h00 \u2013 17h00: #SHOWCOOKING Fus\u00e3o com Nuno Bergonse x Rosana Pena<\/p>\n<p>17h00 \u2013 18h00: #TERT\u00daLIA \u00c9 UM SUCESSO\u2026 da Amadora<\/p>\n<p>17h00 \u2013 18h00: #M\u00daSICA com Batucadeiras Bandeirinha Panafrikanista<\/p>\n<p>18h00 \u2013 19h00: #SHOWCOOKING Fus\u00e3o com Chef Chakall x Edward Munoz Barrios<\/p>\n<p>18h00 \u2013 19h00: #M\u00daSICA com Mem\u00e9 Landim<\/p>\n<p>20h30 \u2013 21h30: #DAN\u00c7A com Kirat Rai Society Portugal<\/p>\n","protected":false},"excerpt":{"rendered":"<p>Conhe\u00e7a aqui a programa\u00e7\u00e3o da II edi\u00e7\u00e3o do Festival Gastron\u00f3mico \u00c9 UM ENCONTRO. _____________________________________________________________________________________________________________________________________________________________________________________________________________ &nbsp; Programa\u00e7\u00e3o: &#x1f4cc;12 setembro 17h30 \u2013 18h30 : #INAUGURA\u00c7\u00c3O 19h00 \u2013 20h00: #TERT\u00daLIA \u00c9 UMA CONVERSA\u2026 [&hellip;]<\/p>\n","protected":false},"author":3,"featured_media":1421,"comment_status":"open","ping_status":"open","sticky":false,"template":"","format":"standard","meta":{"_acf_changed":false,"_et_pb_use_builder":"","_et_pb_old_content":"","_et_gb_content_width":"","footnotes":""},"categories":[1],"tags":[],"class_list":["post-1411","post","type-post","status-publish","format-standard","has-post-thumbnail","hentry","category-noticias"],"acf":[],"_links":{"self":[{"href":"https:\/\/amadoraemfesta.pt\/2025\/wp-json\/wp\/v2\/posts\/1411","targetHints":{"allow":["GET"]}}],"collection":[{"href":"https:\/\/amadoraemfesta.pt\/2025\/wp-json\/wp\/v2\/posts"}],"about":[{"href":"https:\/\/amadoraemfesta.pt\/2025\/wp-json\/wp\/v2\/types\/post"}],"author":[{"embeddable":true,"href":"https:\/\/amadoraemfesta.pt\/2025\/wp-json\/wp\/v2\/users\/3"}],"replies":[{"embeddable":true,"href":"https:\/\/amadoraemfesta.pt\/2025\/wp-json\/wp\/v2\/comments?post=1411"}],"version-history":[{"count":3,"href":"https:\/\/amadoraemfesta.pt\/2025\/wp-json\/wp\/v2\/posts\/1411\/revisions"}],"predecessor-version":[{"id":1414,"href":"https:\/\/amadoraemfesta.pt\/2025\/wp-json\/wp\/v2\/posts\/1411\/revisions\/1414"}],"wp:featuredmedia":[{"embeddable":true,"href":"https:\/\/amadoraemfesta.pt\/2025\/wp-json\/wp\/v2\/media\/1421"}],"wp:attachment":[{"href":"https:\/\/amadoraemfesta.pt\/2025\/wp-json\/wp\/v2\/media?parent=1411"}],"wp:term":[{"taxonomy":"category","embeddable":true,"href":"https:\/\/amadoraemfesta.pt\/2025\/wp-json\/wp\/v2\/categories?post=1411"},{"taxonomy":"post_tag","embeddable":true,"href":"https:\/\/amadoraemfesta.pt\/2025\/wp-json\/wp\/v2\/tags?post=1411"}],"curies":[{"name":"wp","href":"https:\/\/api.w.org\/{rel}","templated":true}]}}